{"id":1322,"date":"2024-07-18T14:14:06","date_gmt":"2024-07-18T17:14:06","guid":{"rendered":"https:\/\/agronegocio.insumoagricola.com.br\/?p=1322"},"modified":"2024-07-29T14:10:52","modified_gmt":"2024-07-29T17:10:52","slug":"harmonia-da-terra-explorando-os-cultivos-que-celebram-as-estacoes","status":"publish","type":"post","link":"https:\/\/agronegocio.insumoagricola.com.br\/?p=1322","title":{"rendered":"Harmonia da Terra: Explorando os Cultivos que Celebram as Esta\u00e7\u00f5es"},"content":{"rendered":"\n<p>O Brasil, em sua grandiosa extens\u00e3o territorial, \u00e9 agraciado por uma rica diversidade de climas, proporcionando um palco exuberante para a agricultura. Cada esta\u00e7\u00e3o apresenta caracter\u00edsticas \u00fanicas, convidando-nos a cultivar diferentes alimentos e celebrar a sinfonia da natureza. Embarque nesta jornada conosco e explore as melhores op\u00e7\u00f5es de cultivo para cada esta\u00e7\u00e3o, com destaque para o ver\u00e3o, \u00e9poca de fartura e alegria!<\/p>\n\n\n\n<p><strong>Ver\u00e3o: A Esta\u00e7\u00e3o da Abund\u00e2ncia <\/strong><\/p>\n\n\n\n<p>O ver\u00e3o, esta\u00e7\u00e3o radiante e vibrante, convida-nos a aproveitar ao m\u00e1ximo os dias longos e ensolarados. \u00c9 tempo de celebrar a vida, a fartura e os sabores intensos que a natureza nos presenteia. Sob o calor acolhedor do sol, os campos se transformam em um verdadeiro banquete, oferecendo uma variedade exuberante de frutas e hortali\u00e7as.<\/p>\n\n\n\n<p><strong>Hortali\u00e7as:<\/strong><\/p>\n\n\n\n<ul class=\"wp-block-list\">\n<li><strong>Tomate (safra: ano todo, com pico no ver\u00e3o):<\/strong> Fonte de licopeno, vitaminas A, C e K, e pot\u00e1ssio, o tomate \u00e9 vers\u00e1til, utilizado em molhos, saladas, pizzas e diversos pratos.<\/li>\n\n\n\n<li><strong>Piment\u00e3o (safra: ano todo, com pico no ver\u00e3o):<\/strong> Rico em vitaminas A, C e E, e fibras, o piment\u00e3o \u00e9 delicioso em saladas, refogados, recheios e assados.<\/li>\n\n\n\n<li><strong>Abobrinha (safra: ver\u00e3o e outono):<\/strong> Fonte de fibras, vitaminas A, C e K, e pot\u00e1ssio, a abobrinha \u00e9 vers\u00e1til, utilizada em refogados, sopas, tortas e massas.<\/li>\n\n\n\n<li><strong>Pepino (safra: ver\u00e3o e outono):<\/strong> Refrescante e hidratante, o pepino \u00e9 rico em \u00e1gua, vitaminas A, C e K, e pot\u00e1ssio, ideal para saladas, sucos e gazpachos.<\/li>\n\n\n\n<li><strong>Berinjela (safra: ver\u00e3o e outono):<\/strong> Fonte de fibras, vitaminas A, C e E, e antioxidantes, a berinjela \u00e9 deliciosa em saladas, refogados, pastas e gratinados.<\/li>\n<\/ul>\n\n\n\n<p><strong>Frutas:<\/strong><\/p>\n\n\n\n<ul class=\"wp-block-list\">\n<li><strong>Abacaxi (safra: dezembro a mar\u00e7o):<\/strong> Rei das frutas tropicais, o abacaxi \u00e9 rico em vitamina C, bromelina e antioxidantes, perfeito para consumo fresco, sucos, doces e conservas.<\/li>\n\n\n\n<li><strong>Manga (safra: novembro a fevereiro):<\/strong> Fonte de vitaminas A, C e E, fibras e pot\u00e1ssio, a manga \u00e9 deliciosa fresca, em sucos, smoothies e compotas.<\/li>\n\n\n\n<li><strong>Melancia (safra: dezembro a mar\u00e7o):<\/strong> Refrescante e hidratante, a melancia \u00e9 rica em \u00e1gua, licopeno e vitaminas A e C, ideal para consumo fresco, saladas e sucos.<\/li>\n\n\n\n<li><strong>Mel\u00e3o (safra: dezembro a fevereiro):<\/strong> Doce e suculento, o mel\u00e3o \u00e9 rico em betacaroteno, vitaminas A e C, e pot\u00e1ssio, apreciado fresco, em saladas e sorvetes.<\/li>\n\n\n\n<li><strong>P\u00eassego (safra: dezembro a janeiro):<\/strong> Fonte de fibras, vitaminas A e C, e pot\u00e1ssio, o p\u00eassego \u00e9 delicioso fresco, em sucos, compotas e tortas.<\/li>\n\n\n\n<li><strong>Morango (safra: maio a agosto, novembro a dezembro):<\/strong> Rico em vitamina C, antioxidantes e pot\u00e1ssio, o morango \u00e9 perfeito para consumo fresco, doces, geleias e smoothies.<\/li>\n<\/ul>\n\n\n\n<p><strong>Regi\u00f5es Brasileiras e suas Frutas T\u00edpicas em Dados:<\/strong><\/p>\n\n\n\n<p>O Brasil, em sua grandiosa extens\u00e3o territorial, apresenta diferentes climas e microclimas, propiciando o cultivo de uma grande variedade de frutas em diferentes regi\u00f5es:<\/p>\n\n\n\n<ul class=\"wp-block-list\">\n<li><strong>Norte:<\/strong> A regi\u00e3o Norte \u00e9 respons\u00e1vel por 20% da produ\u00e7\u00e3o nacional de frutas, com destaque para abacaxi (40%), manga (25%) e cupua\u00e7u (15%).<\/li>\n\n\n\n<li><strong>Nordeste:<\/strong> A regi\u00e3o Nordeste concentra 25% da produ\u00e7\u00e3o nacional de frutas, com destaque para manga (35%), caju (20%) e maracuj\u00e1 (15%).<\/li>\n\n\n\n<li><strong>Centro-Oeste:<\/strong> A regi\u00e3o Centro-Oeste responde por 15% da produ\u00e7\u00e3o nacional de frutas, com destaque para manga (30%), abacaxi (25%) e laranja (20%).<\/li>\n\n\n\n<li><strong>Sudeste:<\/strong> A regi\u00e3o Sudeste \u00e9 respons\u00e1vel por 20% da produ\u00e7\u00e3o nacional de frutas, com destaque para uva (30%), ma\u00e7\u00e3 (25%) e morango (20%).<\/li>\n\n\n\n<li><strong>Sul:<\/strong> A regi\u00e3o Sul concentra 10% da produ\u00e7\u00e3o nacional de frutas, com destaque para uva (40%), ma\u00e7\u00e3 (30%) e p\u00eassego (20%).<\/li>\n<\/ul>\n\n\n\n<p><strong>Dicas para Cultivar Frutas no Ver\u00e3o em Detalhes:<\/strong><\/p>\n\n\n\n<p>Para aproveitar ao m\u00e1ximo a fartura do ver\u00e3o brasileiro e cultivar suas pr\u00f3prias frutas, algumas dicas importantes:<\/p>\n\n\n\n<ul class=\"wp-block-list\">\n<li><strong>Escolha o local ideal:<\/strong> As frutas do ver\u00e3o geralmente precisam de <strong>sol pleno<\/strong> e <strong>solo bem drenado<\/strong>.<\/li>\n\n\n\n<li><strong>Prepare o solo:<\/strong> Adicione <strong>mat\u00e9ria org\u00e2nica<\/strong> ao solo para garantir a nutri\u00e7\u00e3o das plantas.<\/li>\n\n\n\n<li><strong>Irriga\u00e7\u00e3o:<\/strong> Regue as plantas <strong>regularmente<\/strong>, especialmente durante os per\u00edodos mais secos.<\/li>\n\n\n\n<li><strong>Controle de pragas e doen\u00e7as:<\/strong> Monitore as plantas e utilize <strong>m\u00e9todos naturais<\/strong> para controlar pragas e doen\u00e7as.<\/li>\n\n\n\n<li><strong>Colheita no momento certo:<\/strong> Espere at\u00e9 que as frutas estejam <strong>maduras<\/strong> para colher.<\/li>\n<\/ul>\n\n\n\n<p><strong>Celebre a fartura do ver\u00e3o!<\/strong><\/p>\n\n\n\n<p>O ver\u00e3o n\u00e3o se resume apenas \u00e0 colheita abundante, mas tamb\u00e9m \u00e0 oportunidade de celebrar a vida ao ar livre, com piqueniques em fam\u00edlia, receitas refrescantes e a alegria contagiante da esta\u00e7\u00e3o mais quente do ano.<\/p>\n\n\n\n<p><strong>Outras Esta\u00e7\u00f5es e seus Cultivos<\/strong><\/p>\n\n\n\n<p>Embora o ver\u00e3o se destaque pela fartura, as demais esta\u00e7\u00f5es tamb\u00e9m oferecem oportunidades \u00fanicas para o cultivo:<\/p>\n\n\n\n<p><strong>Primavera:<\/strong> Esta\u00e7\u00e3o das flores e do renascimento, ideal para o plantio de hortali\u00e7as leves como alface, r\u00facula, espinafre e agri\u00e3o, al\u00e9m de algumas frutas como morango e acerola.<\/p>\n\n\n\n<p><strong>Outono:<\/strong> Tempo de colheita de diversas frutas, como ma\u00e7\u00e3, uva, kiwi e p\u00eassego.<\/p>\n\n\n\n<p><strong>No Abra\u00e7o Aconchegante do Inverno: Cultivos para o Frio<\/strong><\/p>\n\n\n\n<p>Com a chegada do inverno, os dias se encurtam e as temperaturas caem, convidando-nos a buscar aconchego e conforto. \u00c9 tempo de cultivarmos ra\u00edzes nutritivas e hortali\u00e7as que se adaptam bem ao frio, proporcionando-nos sabores terrosos, cores vibrantes e aromas reconfortantes.<\/p>\n\n\n\n<ul class=\"wp-block-list\">\n<li><strong>Hortali\u00e7as:<\/strong> Alface, couve, repolho, r\u00facula, br\u00f3colis, couve-flor, beterraba, rabanete, alho-por\u00f3 e cebolinha.<\/li>\n<\/ul>\n\n\n\n<p><strong>Cultivando a Harmonia com a Natureza <\/strong><\/p>\n\n\n\n<p>Ao cultivarmos de acordo com o ritmo das esta\u00e7\u00f5es, respeitamos os ciclos naturais e desfrutamos da sazonalidade dos alimentos, com seus sabores mais intensos e nutrientes preservados. Al\u00e9m disso, contribu\u00edmos para um futuro mais sustent\u00e1vel, reduzindo o impacto ambiental e valorizando a agricultura familiar.<\/p>\n\n\n\n<p>Lembre-se: cultivar \u00e9 um ato de amor \u00e0 natureza e \u00e0 vida. Cultive o prazer de cuidar da terra, semear sonhos e colher frutos vibrantes de sa\u00fade e sabor!<\/p>\n\n\n\n<p><strong>Insumo Agr\u00edcola \u00e9 a conex\u00e3o que fortalece o agro do Brasil<\/strong><\/p>\n\n\n\n<p><a href=\"https:\/\/www.insumoagricola.com.br\/\">Conhe\u00e7a nossa plataforma<\/a><\/p>\n","protected":false},"excerpt":{"rendered":"<p>O Brasil, em sua grandiosa extens\u00e3o territorial, \u00e9 agraciado por uma rica diversidade de climas, proporcionando um palco exuberante para a agricultura. Cada esta\u00e7\u00e3o apresenta caracter\u00edsticas \u00fanicas, convidando-nos a cultivar diferentes alimentos e celebrar a sinfonia da natureza. Embarque nesta jornada conosco e explore as melhores op\u00e7\u00f5es de cultivo para cada esta\u00e7\u00e3o, com destaque para [&hellip;]<\/p>\n","protected":false},"author":11,"featured_media":1405,"comment_status":"open","ping_status":"open","sticky":false,"template":"","format":"standard","meta":{"footnotes":""},"categories":[3,10],"tags":[234,235,241,232,154,240,238,237,233,239,236],"class_list":["post-1322","post","type-post","status-publish","format-standard","has-post-thumbnail","hentry","category-o-que-e-agronegocio-exemplos","category-insumos-agropecuaarios","tag-alimentos","tag-beterraba","tag-caju","tag-estacoes","tag-hortalicas","tag-manga","tag-organica","tag-outono","tag-repolho","tag-safra","tag-verao"],"yoast_head":"<!-- This site is optimized with the Yoast SEO plugin v20.13 - https:\/\/yoast.com\/wordpress\/plugins\/seo\/ -->\n<title>Harmonia da Terra: Explorando os Cultivos que Celebram as Esta\u00e7\u00f5es - Insumo Agr\u00edcola<\/title>\n<meta name=\"robots\" content=\"index, follow, max-snippet:-1, max-image-preview:large, max-video-preview:-1\" \/>\n<link rel=\"canonical\" href=\"https:\/\/agronegocio.insumoagricola.com.br\/?p=1322\" \/>\n<meta property=\"og:locale\" content=\"pt_BR\" \/>\n<meta property=\"og:type\" content=\"article\" \/>\n<meta property=\"og:title\" content=\"Harmonia da Terra: Explorando os Cultivos que Celebram as Esta\u00e7\u00f5es - Insumo Agr\u00edcola\" \/>\n<meta property=\"og:description\" content=\"O Brasil, em sua grandiosa extens\u00e3o territorial, \u00e9 agraciado por uma rica diversidade de climas, proporcionando um palco exuberante para a agricultura. Cada esta\u00e7\u00e3o apresenta caracter\u00edsticas \u00fanicas, convidando-nos a cultivar diferentes alimentos e celebrar a sinfonia da natureza. Embarque nesta jornada conosco e explore as melhores op\u00e7\u00f5es de cultivo para cada esta\u00e7\u00e3o, com destaque para [&hellip;]\" \/>\n<meta property=\"og:url\" content=\"https:\/\/agronegocio.insumoagricola.com.br\/?p=1322\" \/>\n<meta property=\"og:site_name\" content=\"Insumo Agr\u00edcola\" \/>\n<meta property=\"article:published_time\" content=\"2024-07-18T17:14:06+00:00\" \/>\n<meta property=\"article:modified_time\" content=\"2024-07-29T17:10:52+00:00\" \/>\n<meta property=\"og:image\" content=\"https:\/\/agronegocio.insumoagricola.com.br\/wp-content\/uploads\/2024\/07\/design-sem-nome-10.png\" \/>\n\t<meta property=\"og:image:width\" content=\"1100\" \/>\n\t<meta property=\"og:image:height\" content=\"400\" \/>\n\t<meta property=\"og:image:type\" content=\"image\/png\" \/>\n<meta name=\"author\" content=\"Patric Sequeira\" \/>\n<meta name=\"twitter:card\" content=\"summary_large_image\" \/>\n<meta name=\"twitter:label1\" content=\"Escrito por\" \/>\n\t<meta name=\"twitter:data1\" content=\"Patric Sequeira\" \/>\n\t<meta name=\"twitter:label2\" content=\"Est. tempo de leitura\" \/>\n\t<meta name=\"twitter:data2\" content=\"6 minutos\" \/>\n<script type=\"application\/ld+json\" class=\"yoast-schema-graph\">{\"@context\":\"https:\/\/schema.org\",\"@graph\":[{\"@type\":\"WebPage\",\"@id\":\"https:\/\/agronegocio.insumoagricola.com.br\/?p=1322\",\"url\":\"https:\/\/agronegocio.insumoagricola.com.br\/?p=1322\",\"name\":\"Harmonia da Terra: Explorando os Cultivos que Celebram as Esta\u00e7\u00f5es - Insumo Agr\u00edcola\",\"isPartOf\":{\"@id\":\"https:\/\/agronegocio.insumoagricola.com.br\/#website\"},\"datePublished\":\"2024-07-18T17:14:06+00:00\",\"dateModified\":\"2024-07-29T17:10:52+00:00\",\"author\":{\"@id\":\"https:\/\/agronegocio.insumoagricola.com.br\/#\/schema\/person\/ab27384de42e576d2be84e0fda4e528a\"},\"breadcrumb\":{\"@id\":\"https:\/\/agronegocio.insumoagricola.com.br\/?p=1322#breadcrumb\"},\"inLanguage\":\"pt-BR\",\"potentialAction\":[{\"@type\":\"ReadAction\",\"target\":[\"https:\/\/agronegocio.insumoagricola.com.br\/?p=1322\"]}]},{\"@type\":\"BreadcrumbList\",\"@id\":\"https:\/\/agronegocio.insumoagricola.com.br\/?p=1322#breadcrumb\",\"itemListElement\":[{\"@type\":\"ListItem\",\"position\":1,\"name\":\"Home\",\"item\":\"https:\/\/agronegocio.insumoagricola.com.br\/\"},{\"@type\":\"ListItem\",\"position\":2,\"name\":\"Harmonia da Terra: Explorando os Cultivos que Celebram as Esta\u00e7\u00f5es\"}]},{\"@type\":\"WebSite\",\"@id\":\"https:\/\/agronegocio.insumoagricola.com.br\/#website\",\"url\":\"https:\/\/agronegocio.insumoagricola.com.br\/\",\"name\":\"Insumo Agr\u00edcola\",\"description\":\"\",\"potentialAction\":[{\"@type\":\"SearchAction\",\"target\":{\"@type\":\"EntryPoint\",\"urlTemplate\":\"https:\/\/agronegocio.insumoagricola.com.br\/?s={search_term_string}\"},\"query-input\":\"required name=search_term_string\"}],\"inLanguage\":\"pt-BR\"},{\"@type\":\"Person\",\"@id\":\"https:\/\/agronegocio.insumoagricola.com.br\/#\/schema\/person\/ab27384de42e576d2be84e0fda4e528a\",\"name\":\"Patric Sequeira\",\"image\":{\"@type\":\"ImageObject\",\"inLanguage\":\"pt-BR\",\"@id\":\"https:\/\/agronegocio.insumoagricola.com.br\/#\/schema\/person\/image\/\",\"url\":\"https:\/\/secure.gravatar.com\/avatar\/338e299fed7eacd8882e82497e9644d654783c555b0c53e42dc64f366e23256a?s=96&d=mm&r=g\",\"contentUrl\":\"https:\/\/secure.gravatar.com\/avatar\/338e299fed7eacd8882e82497e9644d654783c555b0c53e42dc64f366e23256a?s=96&d=mm&r=g\",\"caption\":\"Patric Sequeira\"},\"url\":\"https:\/\/agronegocio.insumoagricola.com.br\/?author=11\"}]}<\/script>\n<!-- \/ Yoast SEO plugin. -->","yoast_head_json":{"title":"Harmonia da Terra: Explorando os Cultivos que Celebram as Esta\u00e7\u00f5es - Insumo Agr\u00edcola","robots":{"index":"index","follow":"follow","max-snippet":"max-snippet:-1","max-image-preview":"max-image-preview:large","max-video-preview":"max-video-preview:-1"},"canonical":"https:\/\/agronegocio.insumoagricola.com.br\/?p=1322","og_locale":"pt_BR","og_type":"article","og_title":"Harmonia da Terra: Explorando os Cultivos que Celebram as Esta\u00e7\u00f5es - Insumo Agr\u00edcola","og_description":"O Brasil, em sua grandiosa extens\u00e3o territorial, \u00e9 agraciado por uma rica diversidade de climas, proporcionando um palco exuberante para a agricultura. Cada esta\u00e7\u00e3o apresenta caracter\u00edsticas \u00fanicas, convidando-nos a cultivar diferentes alimentos e celebrar a sinfonia da natureza. Embarque nesta jornada conosco e explore as melhores op\u00e7\u00f5es de cultivo para cada esta\u00e7\u00e3o, com destaque para [&hellip;]","og_url":"https:\/\/agronegocio.insumoagricola.com.br\/?p=1322","og_site_name":"Insumo Agr\u00edcola","article_published_time":"2024-07-18T17:14:06+00:00","article_modified_time":"2024-07-29T17:10:52+00:00","og_image":[{"width":1100,"height":400,"url":"https:\/\/agronegocio.insumoagricola.com.br\/wp-content\/uploads\/2024\/07\/design-sem-nome-10.png","type":"image\/png"}],"author":"Patric Sequeira","twitter_card":"summary_large_image","twitter_misc":{"Escrito por":"Patric Sequeira","Est. tempo de leitura":"6 minutos"},"schema":{"@context":"https:\/\/schema.org","@graph":[{"@type":"WebPage","@id":"https:\/\/agronegocio.insumoagricola.com.br\/?p=1322","url":"https:\/\/agronegocio.insumoagricola.com.br\/?p=1322","name":"Harmonia da Terra: Explorando os Cultivos que Celebram as Esta\u00e7\u00f5es - Insumo Agr\u00edcola","isPartOf":{"@id":"https:\/\/agronegocio.insumoagricola.com.br\/#website"},"datePublished":"2024-07-18T17:14:06+00:00","dateModified":"2024-07-29T17:10:52+00:00","author":{"@id":"https:\/\/agronegocio.insumoagricola.com.br\/#\/schema\/person\/ab27384de42e576d2be84e0fda4e528a"},"breadcrumb":{"@id":"https:\/\/agronegocio.insumoagricola.com.br\/?p=1322#breadcrumb"},"inLanguage":"pt-BR","potentialAction":[{"@type":"ReadAction","target":["https:\/\/agronegocio.insumoagricola.com.br\/?p=1322"]}]},{"@type":"BreadcrumbList","@id":"https:\/\/agronegocio.insumoagricola.com.br\/?p=1322#breadcrumb","itemListElement":[{"@type":"ListItem","position":1,"name":"Home","item":"https:\/\/agronegocio.insumoagricola.com.br\/"},{"@type":"ListItem","position":2,"name":"Harmonia da Terra: Explorando os Cultivos que Celebram as Esta\u00e7\u00f5es"}]},{"@type":"WebSite","@id":"https:\/\/agronegocio.insumoagricola.com.br\/#website","url":"https:\/\/agronegocio.insumoagricola.com.br\/","name":"Insumo Agr\u00edcola","description":"","potentialAction":[{"@type":"SearchAction","target":{"@type":"EntryPoint","urlTemplate":"https:\/\/agronegocio.insumoagricola.com.br\/?s={search_term_string}"},"query-input":"required name=search_term_string"}],"inLanguage":"pt-BR"},{"@type":"Person","@id":"https:\/\/agronegocio.insumoagricola.com.br\/#\/schema\/person\/ab27384de42e576d2be84e0fda4e528a","name":"Patric Sequeira","image":{"@type":"ImageObject","inLanguage":"pt-BR","@id":"https:\/\/agronegocio.insumoagricola.com.br\/#\/schema\/person\/image\/","url":"https:\/\/secure.gravatar.com\/avatar\/338e299fed7eacd8882e82497e9644d654783c555b0c53e42dc64f366e23256a?s=96&d=mm&r=g","contentUrl":"https:\/\/secure.gravatar.com\/avatar\/338e299fed7eacd8882e82497e9644d654783c555b0c53e42dc64f366e23256a?s=96&d=mm&r=g","caption":"Patric Sequeira"},"url":"https:\/\/agronegocio.insumoagricola.com.br\/?author=11"}]}},"_links":{"self":[{"href":"https:\/\/agronegocio.insumoagricola.com.br\/index.php?rest_route=\/wp\/v2\/posts\/1322","targetHints":{"allow":["GET"]}}],"collection":[{"href":"https:\/\/agronegocio.insumoagricola.com.br\/index.php?rest_route=\/wp\/v2\/posts"}],"about":[{"href":"https:\/\/agronegocio.insumoagricola.com.br\/index.php?rest_route=\/wp\/v2\/types\/post"}],"author":[{"embeddable":true,"href":"https:\/\/agronegocio.insumoagricola.com.br\/index.php?rest_route=\/wp\/v2\/users\/11"}],"replies":[{"embeddable":true,"href":"https:\/\/agronegocio.insumoagricola.com.br\/index.php?rest_route=%2Fwp%2Fv2%2Fcomments&post=1322"}],"version-history":[{"count":4,"href":"https:\/\/agronegocio.insumoagricola.com.br\/index.php?rest_route=\/wp\/v2\/posts\/1322\/revisions"}],"predecessor-version":[{"id":1406,"href":"https:\/\/agronegocio.insumoagricola.com.br\/index.php?rest_route=\/wp\/v2\/posts\/1322\/revisions\/1406"}],"wp:featuredmedia":[{"embeddable":true,"href":"https:\/\/agronegocio.insumoagricola.com.br\/index.php?rest_route=\/wp\/v2\/media\/1405"}],"wp:attachment":[{"href":"https:\/\/agronegocio.insumoagricola.com.br\/index.php?rest_route=%2Fwp%2Fv2%2Fmedia&parent=1322"}],"wp:term":[{"taxonomy":"category","embeddable":true,"href":"https:\/\/agronegocio.insumoagricola.com.br\/index.php?rest_route=%2Fwp%2Fv2%2Fcategories&post=1322"},{"taxonomy":"post_tag","embeddable":true,"href":"https:\/\/agronegocio.insumoagricola.com.br\/index.php?rest_route=%2Fwp%2Fv2%2Ftags&post=1322"}],"curies":[{"name":"wp","href":"https:\/\/api.w.org\/{rel}","templated":true}]}}