{"id":1011,"date":"2024-05-27T20:46:00","date_gmt":"2024-05-27T23:46:00","guid":{"rendered":"https:\/\/agronegocio.insumoagricola.com.br\/?p=1011"},"modified":"2024-05-27T14:55:44","modified_gmt":"2024-05-27T17:55:44","slug":"o-uso-de-medicamentos-antibioticos-no-maranhao-uma-analise-detalhada-com-foco-nas-cidades-agricolas","status":"publish","type":"post","link":"https:\/\/agronegocio.insumoagricola.com.br\/?p=1011","title":{"rendered":"O Uso de Medicamentos Antibi\u00f3ticos no Maranh\u00e3o: Uma An\u00e1lise Detalhada com Foco nas Cidades Agr\u00edcolas"},"content":{"rendered":"\n<figure class=\"wp-block-image size-large\"><img decoding=\"async\" src=\"https:\/\/irp.cdn-website.com\/34703388\/dms3rep\/multi\/escolha+do+antibi%C3%B3tico+correto-+tratamento+da+mastite-somaticell-1200X628.png\" alt=\"\"\/><\/figure>\n\n\n\n<p><\/p>\n\n\n\n<p>O Maranh\u00e3o, um estado brasileiro rico em belezas naturais e com uma forte presen\u00e7a da atividade agr\u00edcola, enfrenta desafios singulares no que tange ao uso de medicamentos antibi\u00f3ticos. Enquanto as grandes cidades como S\u00e3o Lu\u00eds e Imperatriz concentram a maior parte da popula\u00e7\u00e3o e dos servi\u00e7os de sa\u00fade, as cidades do interior, especialmente aquelas com forte presen\u00e7a da atividade agr\u00edcola, lutam contra o acesso prec\u00e1rio a esses medicamentos, a falta de orienta\u00e7\u00e3o m\u00e9dica adequada e o crescente problema da resist\u00eancia bacteriana.<\/p>\n\n\n\n<p><strong>Desafios nas Cidades Agr\u00edcolas:<\/strong><\/p>\n\n\n\n<ul class=\"wp-block-list\">\n<li><strong>Impacto da Atividade Agr\u00edcola:<\/strong> O uso intensivo de antibi\u00f3ticos na pecu\u00e1ria e na agricultura, para prevenir e tratar doen\u00e7as em animais, contribui para a contamina\u00e7\u00e3o do solo e da \u00e1gua, disseminando bact\u00e9rias resistentes entre a popula\u00e7\u00e3o.<\/li>\n\n\n\n<li><strong>Dificuldades dos Produtores:<\/strong> Os produtores rurais muitas vezes enfrentam dificuldades para encontrar antibi\u00f3ticos de qualidade aos melhores pre\u00e7os, al\u00e9m de terem acesso limitado a informa\u00e7\u00f5es sobre o uso correto desses medicamentos.<\/li>\n\n\n\n<li><strong>Falta de Orienta\u00e7\u00e3o M\u00e9dica:<\/strong> A car\u00eancia de profissionais de sa\u00fade nas \u00e1reas rurais dificulta o acesso \u00e0 orienta\u00e7\u00e3o m\u00e9dica adequada para o tratamento de doen\u00e7as infecciosas, levando \u00e0 automedica\u00e7\u00e3o e ao uso indiscriminado de antibi\u00f3ticos.<\/li>\n<\/ul>\n\n\n\n<p><strong>Solu\u00e7\u00f5es Inovadoras para um Futuro Mais Seguro:<\/strong><\/p>\n\n\n\n<p><strong>Nossa empresa surge como um parceiro fundamental para auxiliar os produtores rurais do Maranh\u00e3o nesse cen\u00e1rio desafiador.<\/strong> Atrav\u00e9s de uma plataforma inovadora, conectamos os produtores aos vendedores de antibi\u00f3ticos com os melhores pre\u00e7os da regi\u00e3o, garantindo acesso a medicamentos de qualidade e evitando a compra em locais inadequados.<\/p>\n\n\n\n<p><strong>Solu\u00e7\u00f5es para um Uso Racional de Antibi\u00f3ticos:<\/strong><\/p>\n\n\n\n<ul class=\"wp-block-list\">\n<li><strong>Campanhas de Conscientiza\u00e7\u00e3o:<\/strong> Campanhas informativas sobre o uso racional de antibi\u00f3ticos, direcionadas tanto \u00e0 popula\u00e7\u00e3o em geral quanto aos profissionais de sa\u00fade, s\u00e3o essenciais para combater a resist\u00eancia bacteriana e promover a sa\u00fade p\u00fablica.<\/li>\n\n\n\n<li><strong>Capacita\u00e7\u00e3o de Profissionais:<\/strong> A capacita\u00e7\u00e3o de m\u00e9dicos, enfermeiros e farmac\u00eauticos sobre o uso adequado de antibi\u00f3ticos \u00e9 fundamental para garantir que a popula\u00e7\u00e3o receba o tratamento correto para suas doen\u00e7as infecciosas.<\/li>\n\n\n\n<li><strong>Acesso \u00e0 Sa\u00fade de Qualidade:<\/strong> A expans\u00e3o dos servi\u00e7os de sa\u00fade nas cidades do interior, com a garantia de acesso a profissionais qualificados e medicamentos de qualidade, \u00e9 crucial para garantir um atendimento adequado \u00e0 popula\u00e7\u00e3o e combater o uso indiscriminado de antibi\u00f3ticos.<\/li>\n\n\n\n<li><strong>Fiscaliza\u00e7\u00e3o Rigorosa:<\/strong> A fiscaliza\u00e7\u00e3o rigorosa do com\u00e9rcio de antibi\u00f3ticos, combatendo a venda sem prescri\u00e7\u00e3o m\u00e9dica e o mercado negro desses medicamentos, \u00e9 essencial para controlar o uso desses f\u00e1rmacos e proteger a sa\u00fade p\u00fablica.<\/li>\n<\/ul>\n\n\n\n<p><strong>Conclus\u00e3o:<\/strong><\/p>\n\n\n\n<p>O uso racional de medicamentos antibi\u00f3ticos no Maranh\u00e3o, especialmente nas cidades com forte presen\u00e7a da atividade agr\u00edcola, \u00e9 um desafio que exige a\u00e7\u00f5es multissetoriais e um compromisso com a sa\u00fade p\u00fablica. Atrav\u00e9s da conscientiza\u00e7\u00e3o da popula\u00e7\u00e3o, da capacita\u00e7\u00e3o dos profissionais de sa\u00fade, da amplia\u00e7\u00e3o do acesso \u00e0 sa\u00fade de qualidade e da fiscaliza\u00e7\u00e3o rigorosa do com\u00e9rcio de antibi\u00f3ticos, \u00e9 poss\u00edvel construir um futuro onde esses medicamentos sejam utilizados de forma respons\u00e1vel e eficaz, combatendo a resist\u00eancia bacteriana e promovendo o bem-estar da popula\u00e7\u00e3o.<\/p>\n\n\n\n<p><strong>Insumo Agr\u00edcola \u00e9 a conex\u00e3o que fortalece o agro do Brasil<\/strong><\/p>\n\n\n\n<p><a href=\"https:\/\/www.insumoagricola.com.br\/\">Conhe\u00e7a nossa plataforma<\/a><\/p>\n","protected":false},"excerpt":{"rendered":"<p>O Maranh\u00e3o, um estado brasileiro rico em belezas naturais e com uma forte presen\u00e7a da atividade agr\u00edcola, enfrenta desafios singulares no que tange ao uso de medicamentos antibi\u00f3ticos. Enquanto as grandes cidades como S\u00e3o Lu\u00eds e Imperatriz concentram a maior parte da popula\u00e7\u00e3o e dos servi\u00e7os de sa\u00fade, as cidades do interior, especialmente aquelas com [&hellip;]<\/p>\n","protected":false},"author":11,"featured_media":0,"comment_status":"open","ping_status":"open","sticky":false,"template":"","format":"standard","meta":{"footnotes":""},"categories":[10],"tags":[33,32,31,30],"class_list":["post-1011","post","type-post","status-publish","format-standard","hentry","category-insumos-agropecuaarios","tag-antibioticos","tag-bacteriana","tag-desafiador","tag-medicamentos"],"yoast_head":"<!-- This site is optimized with the Yoast SEO plugin v20.13 - https:\/\/yoast.com\/wordpress\/plugins\/seo\/ -->\n<title>O Uso de Medicamentos Antibi\u00f3ticos no Maranh\u00e3o: Uma An\u00e1lise Detalhada com Foco nas Cidades Agr\u00edcolas - Insumo Agr\u00edcola<\/title>\n<meta name=\"robots\" content=\"index, follow, max-snippet:-1, max-image-preview:large, max-video-preview:-1\" \/>\n<link rel=\"canonical\" href=\"https:\/\/agronegocio.insumoagricola.com.br\/?p=1011\" \/>\n<meta property=\"og:locale\" content=\"pt_BR\" \/>\n<meta property=\"og:type\" content=\"article\" \/>\n<meta property=\"og:title\" content=\"O Uso de Medicamentos Antibi\u00f3ticos no Maranh\u00e3o: Uma An\u00e1lise Detalhada com Foco nas Cidades Agr\u00edcolas - Insumo Agr\u00edcola\" \/>\n<meta property=\"og:description\" content=\"O Maranh\u00e3o, um estado brasileiro rico em belezas naturais e com uma forte presen\u00e7a da atividade agr\u00edcola, enfrenta desafios singulares no que tange ao uso de medicamentos antibi\u00f3ticos. Enquanto as grandes cidades como S\u00e3o Lu\u00eds e Imperatriz concentram a maior parte da popula\u00e7\u00e3o e dos servi\u00e7os de sa\u00fade, as cidades do interior, especialmente aquelas com [&hellip;]\" \/>\n<meta property=\"og:url\" content=\"https:\/\/agronegocio.insumoagricola.com.br\/?p=1011\" \/>\n<meta property=\"og:site_name\" content=\"Insumo Agr\u00edcola\" \/>\n<meta property=\"article:published_time\" content=\"2024-05-27T23:46:00+00:00\" \/>\n<meta property=\"article:modified_time\" content=\"2024-05-27T17:55:44+00:00\" \/>\n<meta property=\"og:image\" content=\"https:\/\/irp.cdn-website.com\/34703388\/dms3rep\/multi\/escolha+do+antibi%C3%B3tico+correto-+tratamento+da+mastite-somaticell-1200X628.png\" \/>\n<meta name=\"author\" content=\"Patric Sequeira\" \/>\n<meta name=\"twitter:card\" content=\"summary_large_image\" \/>\n<meta name=\"twitter:label1\" content=\"Escrito por\" \/>\n\t<meta name=\"twitter:data1\" content=\"Patric Sequeira\" \/>\n\t<meta name=\"twitter:label2\" content=\"Est. tempo de leitura\" \/>\n\t<meta name=\"twitter:data2\" content=\"3 minutos\" \/>\n<script type=\"application\/ld+json\" class=\"yoast-schema-graph\">{\"@context\":\"https:\/\/schema.org\",\"@graph\":[{\"@type\":\"WebPage\",\"@id\":\"https:\/\/agronegocio.insumoagricola.com.br\/?p=1011\",\"url\":\"https:\/\/agronegocio.insumoagricola.com.br\/?p=1011\",\"name\":\"O Uso de Medicamentos Antibi\u00f3ticos no Maranh\u00e3o: Uma An\u00e1lise Detalhada com Foco nas Cidades Agr\u00edcolas - Insumo Agr\u00edcola\",\"isPartOf\":{\"@id\":\"https:\/\/agronegocio.insumoagricola.com.br\/#website\"},\"datePublished\":\"2024-05-27T23:46:00+00:00\",\"dateModified\":\"2024-05-27T17:55:44+00:00\",\"author\":{\"@id\":\"https:\/\/agronegocio.insumoagricola.com.br\/#\/schema\/person\/ab27384de42e576d2be84e0fda4e528a\"},\"breadcrumb\":{\"@id\":\"https:\/\/agronegocio.insumoagricola.com.br\/?p=1011#breadcrumb\"},\"inLanguage\":\"pt-BR\",\"potentialAction\":[{\"@type\":\"ReadAction\",\"target\":[\"https:\/\/agronegocio.insumoagricola.com.br\/?p=1011\"]}]},{\"@type\":\"BreadcrumbList\",\"@id\":\"https:\/\/agronegocio.insumoagricola.com.br\/?p=1011#breadcrumb\",\"itemListElement\":[{\"@type\":\"ListItem\",\"position\":1,\"name\":\"Home\",\"item\":\"https:\/\/agronegocio.insumoagricola.com.br\/\"},{\"@type\":\"ListItem\",\"position\":2,\"name\":\"O Uso de Medicamentos Antibi\u00f3ticos no Maranh\u00e3o: Uma An\u00e1lise Detalhada com Foco nas Cidades Agr\u00edcolas\"}]},{\"@type\":\"WebSite\",\"@id\":\"https:\/\/agronegocio.insumoagricola.com.br\/#website\",\"url\":\"https:\/\/agronegocio.insumoagricola.com.br\/\",\"name\":\"Insumo Agr\u00edcola\",\"description\":\"\",\"potentialAction\":[{\"@type\":\"SearchAction\",\"target\":{\"@type\":\"EntryPoint\",\"urlTemplate\":\"https:\/\/agronegocio.insumoagricola.com.br\/?s={search_term_string}\"},\"query-input\":\"required name=search_term_string\"}],\"inLanguage\":\"pt-BR\"},{\"@type\":\"Person\",\"@id\":\"https:\/\/agronegocio.insumoagricola.com.br\/#\/schema\/person\/ab27384de42e576d2be84e0fda4e528a\",\"name\":\"Patric Sequeira\",\"image\":{\"@type\":\"ImageObject\",\"inLanguage\":\"pt-BR\",\"@id\":\"https:\/\/agronegocio.insumoagricola.com.br\/#\/schema\/person\/image\/\",\"url\":\"https:\/\/secure.gravatar.com\/avatar\/338e299fed7eacd8882e82497e9644d654783c555b0c53e42dc64f366e23256a?s=96&d=mm&r=g\",\"contentUrl\":\"https:\/\/secure.gravatar.com\/avatar\/338e299fed7eacd8882e82497e9644d654783c555b0c53e42dc64f366e23256a?s=96&d=mm&r=g\",\"caption\":\"Patric Sequeira\"},\"url\":\"https:\/\/agronegocio.insumoagricola.com.br\/?author=11\"}]}<\/script>\n<!-- \/ Yoast SEO plugin. -->","yoast_head_json":{"title":"O Uso de Medicamentos Antibi\u00f3ticos no Maranh\u00e3o: Uma An\u00e1lise Detalhada com Foco nas Cidades Agr\u00edcolas - Insumo Agr\u00edcola","robots":{"index":"index","follow":"follow","max-snippet":"max-snippet:-1","max-image-preview":"max-image-preview:large","max-video-preview":"max-video-preview:-1"},"canonical":"https:\/\/agronegocio.insumoagricola.com.br\/?p=1011","og_locale":"pt_BR","og_type":"article","og_title":"O Uso de Medicamentos Antibi\u00f3ticos no Maranh\u00e3o: Uma An\u00e1lise Detalhada com Foco nas Cidades Agr\u00edcolas - Insumo Agr\u00edcola","og_description":"O Maranh\u00e3o, um estado brasileiro rico em belezas naturais e com uma forte presen\u00e7a da atividade agr\u00edcola, enfrenta desafios singulares no que tange ao uso de medicamentos antibi\u00f3ticos. Enquanto as grandes cidades como S\u00e3o Lu\u00eds e Imperatriz concentram a maior parte da popula\u00e7\u00e3o e dos servi\u00e7os de sa\u00fade, as cidades do interior, especialmente aquelas com [&hellip;]","og_url":"https:\/\/agronegocio.insumoagricola.com.br\/?p=1011","og_site_name":"Insumo Agr\u00edcola","article_published_time":"2024-05-27T23:46:00+00:00","article_modified_time":"2024-05-27T17:55:44+00:00","og_image":[{"url":"https:\/\/irp.cdn-website.com\/34703388\/dms3rep\/multi\/escolha+do+antibi%C3%B3tico+correto-+tratamento+da+mastite-somaticell-1200X628.png"}],"author":"Patric Sequeira","twitter_card":"summary_large_image","twitter_misc":{"Escrito por":"Patric Sequeira","Est. tempo de leitura":"3 minutos"},"schema":{"@context":"https:\/\/schema.org","@graph":[{"@type":"WebPage","@id":"https:\/\/agronegocio.insumoagricola.com.br\/?p=1011","url":"https:\/\/agronegocio.insumoagricola.com.br\/?p=1011","name":"O Uso de Medicamentos Antibi\u00f3ticos no Maranh\u00e3o: Uma An\u00e1lise Detalhada com Foco nas Cidades Agr\u00edcolas - Insumo Agr\u00edcola","isPartOf":{"@id":"https:\/\/agronegocio.insumoagricola.com.br\/#website"},"datePublished":"2024-05-27T23:46:00+00:00","dateModified":"2024-05-27T17:55:44+00:00","author":{"@id":"https:\/\/agronegocio.insumoagricola.com.br\/#\/schema\/person\/ab27384de42e576d2be84e0fda4e528a"},"breadcrumb":{"@id":"https:\/\/agronegocio.insumoagricola.com.br\/?p=1011#breadcrumb"},"inLanguage":"pt-BR","potentialAction":[{"@type":"ReadAction","target":["https:\/\/agronegocio.insumoagricola.com.br\/?p=1011"]}]},{"@type":"BreadcrumbList","@id":"https:\/\/agronegocio.insumoagricola.com.br\/?p=1011#breadcrumb","itemListElement":[{"@type":"ListItem","position":1,"name":"Home","item":"https:\/\/agronegocio.insumoagricola.com.br\/"},{"@type":"ListItem","position":2,"name":"O Uso de Medicamentos Antibi\u00f3ticos no Maranh\u00e3o: Uma An\u00e1lise Detalhada com Foco nas Cidades Agr\u00edcolas"}]},{"@type":"WebSite","@id":"https:\/\/agronegocio.insumoagricola.com.br\/#website","url":"https:\/\/agronegocio.insumoagricola.com.br\/","name":"Insumo Agr\u00edcola","description":"","potentialAction":[{"@type":"SearchAction","target":{"@type":"EntryPoint","urlTemplate":"https:\/\/agronegocio.insumoagricola.com.br\/?s={search_term_string}"},"query-input":"required name=search_term_string"}],"inLanguage":"pt-BR"},{"@type":"Person","@id":"https:\/\/agronegocio.insumoagricola.com.br\/#\/schema\/person\/ab27384de42e576d2be84e0fda4e528a","name":"Patric Sequeira","image":{"@type":"ImageObject","inLanguage":"pt-BR","@id":"https:\/\/agronegocio.insumoagricola.com.br\/#\/schema\/person\/image\/","url":"https:\/\/secure.gravatar.com\/avatar\/338e299fed7eacd8882e82497e9644d654783c555b0c53e42dc64f366e23256a?s=96&d=mm&r=g","contentUrl":"https:\/\/secure.gravatar.com\/avatar\/338e299fed7eacd8882e82497e9644d654783c555b0c53e42dc64f366e23256a?s=96&d=mm&r=g","caption":"Patric Sequeira"},"url":"https:\/\/agronegocio.insumoagricola.com.br\/?author=11"}]}},"_links":{"self":[{"href":"https:\/\/agronegocio.insumoagricola.com.br\/index.php?rest_route=\/wp\/v2\/posts\/1011","targetHints":{"allow":["GET"]}}],"collection":[{"href":"https:\/\/agronegocio.insumoagricola.com.br\/index.php?rest_route=\/wp\/v2\/posts"}],"about":[{"href":"https:\/\/agronegocio.insumoagricola.com.br\/index.php?rest_route=\/wp\/v2\/types\/post"}],"author":[{"embeddable":true,"href":"https:\/\/agronegocio.insumoagricola.com.br\/index.php?rest_route=\/wp\/v2\/users\/11"}],"replies":[{"embeddable":true,"href":"https:\/\/agronegocio.insumoagricola.com.br\/index.php?rest_route=%2Fwp%2Fv2%2Fcomments&post=1011"}],"version-history":[{"count":3,"href":"https:\/\/agronegocio.insumoagricola.com.br\/index.php?rest_route=\/wp\/v2\/posts\/1011\/revisions"}],"predecessor-version":[{"id":1015,"href":"https:\/\/agronegocio.insumoagricola.com.br\/index.php?rest_route=\/wp\/v2\/posts\/1011\/revisions\/1015"}],"wp:attachment":[{"href":"https:\/\/agronegocio.insumoagricola.com.br\/index.php?rest_route=%2Fwp%2Fv2%2Fmedia&parent=1011"}],"wp:term":[{"taxonomy":"category","embeddable":true,"href":"https:\/\/agronegocio.insumoagricola.com.br\/index.php?rest_route=%2Fwp%2Fv2%2Fcategories&post=1011"},{"taxonomy":"post_tag","embeddable":true,"href":"https:\/\/agronegocio.insumoagricola.com.br\/index.php?rest_route=%2Fwp%2Fv2%2Ftags&post=1011"}],"curies":[{"name":"wp","href":"https:\/\/api.w.org\/{rel}","templated":true}]}}